{"id":3911,"date":"2026-04-30T10:14:36","date_gmt":"2026-04-30T10:14:36","guid":{"rendered":"https:\/\/adegadaquintadventures.com\/?p=3911"},"modified":"2026-04-30T10:14:39","modified_gmt":"2026-04-30T10:14:39","slug":"adega-da-quinta-adventures-recebeu-casados-a-primeira-vista","status":"publish","type":"post","link":"https:\/\/adegadaquintadventures.com\/en\/adega-da-quinta-adventures-recebeu-casados-a-primeira-vista\/","title":{"rendered":"Adega da Quinta Adventures hosted Married at First Sight."},"content":{"rendered":"<p>The successful television program on SIC, \u201c<a href=\"https:\/\/sic.pt\/programas\/casados-a-primeira-vista\/temporada-6\">Married at First Sight<\/a>\u201d&quot;visited the <a href=\"https:\/\/adegadaquintadventures.com\/en\/\">Adega da Quinta Adventures<\/a> for a buggy ride. This activity was part of the couple&#039;s honeymoon.<\/p>\n\n\n\n<figure class=\"wp-block-image size-full\"><img decoding=\"async\" width=\"800\" height=\"451\" src=\"https:\/\/adegadaquintadventures.com\/wp-content\/uploads\/2026\/04\/20260423_092233-edited.jpg\" alt=\"\" class=\"wp-image-3914\" srcset=\"https:\/\/adegadaquintadventures.com\/wp-content\/uploads\/2026\/04\/20260423_092233-edited.jpg 800w, https:\/\/adegadaquintadventures.com\/wp-content\/uploads\/2026\/04\/20260423_092233-edited-500x282.jpg 500w, https:\/\/adegadaquintadventures.com\/wp-content\/uploads\/2026\/04\/20260423_092233-edited-300x169.jpg 300w, https:\/\/adegadaquintadventures.com\/wp-content\/uploads\/2026\/04\/20260423_092233-edited-768x433.jpg 768w, https:\/\/adegadaquintadventures.com\/wp-content\/uploads\/2026\/04\/20260423_092233-edited-18x10.jpg 18w, https:\/\/adegadaquintadventures.com\/wp-content\/uploads\/2026\/04\/20260423_092233-edited-133x75.jpg 133w, https:\/\/adegadaquintadventures.com\/wp-content\/uploads\/2026\/04\/20260423_092233-edited-480x271.jpg 480w\" sizes=\"(max-width:767px) 480px, (max-width:800px) 100vw, 800px\" \/><\/figure>\n\n\n\n<p>Our team was delighted to welcome the couple Andreia and V\u00edtor for an unforgettable buggy driving adventure on Pico Island.<\/p>\n\n\n\n<p>The couple had a lot of fun on this outing and upon arriving at the stand, they wished to repeat the experience, which culminated in a moment of sharing and fun between them.<\/p>\n\n\n\n<figure class=\"wp-block-image size-full\"><img decoding=\"async\" width=\"1080\" height=\"1080\" src=\"https:\/\/adegadaquintadventures.com\/wp-content\/uploads\/2026\/04\/Design-sem-nomeclcl.jpg\" alt=\"\" class=\"wp-image-3915\" srcset=\"https:\/\/adegadaquintadventures.com\/wp-content\/uploads\/2026\/04\/Design-sem-nomeclcl.jpg 1080w, https:\/\/adegadaquintadventures.com\/wp-content\/uploads\/2026\/04\/Design-sem-nomeclcl-500x500.jpg 500w, https:\/\/adegadaquintadventures.com\/wp-content\/uploads\/2026\/04\/Design-sem-nomeclcl-300x300.jpg 300w, https:\/\/adegadaquintadventures.com\/wp-content\/uploads\/2026\/04\/Design-sem-nomeclcl-768x768.jpg 768w, https:\/\/adegadaquintadventures.com\/wp-content\/uploads\/2026\/04\/Design-sem-nomeclcl-120x120.jpg 120w, https:\/\/adegadaquintadventures.com\/wp-content\/uploads\/2026\/04\/Design-sem-nomeclcl-12x12.jpg 12w, https:\/\/adegadaquintadventures.com\/wp-content\/uploads\/2026\/04\/Design-sem-nomeclcl-150x150.jpg 150w, https:\/\/adegadaquintadventures.com\/wp-content\/uploads\/2026\/04\/Design-sem-nomeclcl-75x75.jpg 75w, https:\/\/adegadaquintadventures.com\/wp-content\/uploads\/2026\/04\/Design-sem-nomeclcl-480x480.jpg 480w, https:\/\/adegadaquintadventures.com\/wp-content\/uploads\/2026\/04\/Design-sem-nomeclcl-800x800.jpg 800w\" sizes=\"(max-width:767px) 480px, (max-width:1080px) 100vw, 1080px\" \/><\/figure>\n\n\n\n<p>Adega da Quinta Adventures thanks everyone who made this moment possible and who helped to raise awareness of our company, as well as everyone who has shown support and congratulated us on this special occasion. <\/p>\n\n\n\n<p>We wish the couple all the best! We hope you will return in future years to celebrate this unforgettable date with us.<\/p>\n\n\n\n<p>Follow our Instagram page (<a href=\"https:\/\/www.instagram.com\/adegadaquintadventures\/\" type=\"link\" id=\"https:\/\/www.instagram.com\/adegadaquintadventures\/\">@adegadaquintadventures<\/a>Click here to access more images and news!<\/p>","protected":false},"excerpt":{"rendered":"<p>O programa televisivo de sucesso da SIC, &#8220;Casados \u00e0 Primeira Vista&#8221; visitou a Adega da Quinta Adventures para a realiza\u00e7\u00e3o de um passeio de buggy. Esta<span class=\"excerpt-hellip\"> [\u2026]<\/span><\/p>\n","protected":false},"author":42,"featured_media":3916,"comment_status":"open","ping_status":"open","sticky":false,"template":"","format":"standard","meta":{"_jetpack_memberships_contains_paid_content":false,"_joinchat":[],"footnotes":""},"categories":[3],"tags":[37,72,202,204,84,36,32,201,199,190,189,197,55,208,54,196,31,194,192,203,193,41],"class_list":["post-3911","post","type-post","status-publish","format-standard","has-post-thumbnail","hentry","category-events","tag-acores","tag-adventure","tag-animacao","tag-apoio","tag-aventura","tag-azores","tag-buggy","tag-casados-a-primeira-vista-2","tag-casamento","tag-especial","tag-inesquecivel","tag-instagram","tag-madalena","tag-marriage","tag-natureza","tag-novidades","tag-pico","tag-programa-televisivo","tag-sic","tag-special","tag-televisao","tag-tour"],"yoast_head":"<!-- This site is optimized with the Yoast SEO plugin v27.5 - https:\/\/yoast.com\/product\/yoast-seo-wordpress\/ -->\n<title>Adega da Quinta Adventures recebeu Casados \u00e0 Primeira Vista - Adega da Quinta - Adventures<\/title>\n<meta name=\"robots\" content=\"index, follow, max-snippet:-1, max-image-preview:large, max-video-preview:-1\" \/>\n<link rel=\"canonical\" href=\"https:\/\/adegadaquintadventures.com\/en\/adega-da-quinta-adventures-recebeu-casados-a-primeira-vista\/\" \/>\n<meta property=\"og:locale\" content=\"en_US\" \/>\n<meta property=\"og:type\" content=\"article\" \/>\n<meta property=\"og:title\" content=\"Adega da Quinta Adventures recebeu Casados \u00e0 Primeira Vista - Adega da Quinta - Adventures\" \/>\n<meta property=\"og:description\" content=\"O programa televisivo de sucesso da SIC, &#8220;Casados \u00e0 Primeira Vista&#8221; visitou a Adega da Quinta Adventures para a realiza\u00e7\u00e3o de um passeio de buggy. Esta [\u2026]\" \/>\n<meta property=\"og:url\" content=\"https:\/\/adegadaquintadventures.com\/en\/adega-da-quinta-adventures-recebeu-casados-a-primeira-vista\/\" \/>\n<meta property=\"og:site_name\" content=\"Adega da Quinta - Adventures\" \/>\n<meta property=\"article:published_time\" content=\"2026-04-30T10:14:36+00:00\" \/>\n<meta property=\"article:modified_time\" content=\"2026-04-30T10:14:39+00:00\" \/>\n<meta property=\"og:image\" content=\"https:\/\/adegadaquintadventures.com\/wp-content\/uploads\/2026\/04\/Captura-de-ecra-2026-04-28-120339.jpg\" \/>\n\t<meta property=\"og:image:width\" content=\"572\" \/>\n\t<meta property=\"og:image:height\" content=\"457\" \/>\n\t<meta property=\"og:image:type\" content=\"image\/jpeg\" \/>\n<meta name=\"author\" content=\"Gl\u00f3ria Alves\" \/>\n<meta name=\"twitter:card\" content=\"summary_large_image\" \/>\n<meta name=\"twitter:label1\" content=\"Written by\" \/>\n\t<meta name=\"twitter:data1\" content=\"Gl\u00f3ria Alves\" \/>\n\t<meta name=\"twitter:label2\" content=\"Est. reading time\" \/>\n\t<meta name=\"twitter:data2\" content=\"2 minutes\" \/>\n<script type=\"application\/ld+json\" class=\"yoast-schema-graph\">{\"@context\":\"https:\\\/\\\/schema.org\",\"@graph\":[{\"@type\":\"Article\",\"@id\":\"https:\\\/\\\/adegadaquintadventures.com\\\/adega-da-quinta-adventures-recebeu-casados-a-primeira-vista\\\/#article\",\"isPartOf\":{\"@id\":\"https:\\\/\\\/adegadaquintadventures.com\\\/adega-da-quinta-adventures-recebeu-casados-a-primeira-vista\\\/\"},\"author\":{\"name\":\"Gl\u00f3ria Alves\",\"@id\":\"https:\\\/\\\/adegadaquintadventures.com\\\/#\\\/schema\\\/person\\\/df84005e1c88c3d37b40cb2f8b57e748\"},\"headline\":\"Adega da Quinta Adventures recebeu Casados \u00e0 Primeira Vista\",\"datePublished\":\"2026-04-30T10:14:36+00:00\",\"dateModified\":\"2026-04-30T10:14:39+00:00\",\"mainEntityOfPage\":{\"@id\":\"https:\\\/\\\/adegadaquintadventures.com\\\/adega-da-quinta-adventures-recebeu-casados-a-primeira-vista\\\/\"},\"wordCount\":179,\"commentCount\":0,\"publisher\":{\"@id\":\"https:\\\/\\\/adegadaquintadventures.com\\\/#organization\"},\"image\":{\"@id\":\"https:\\\/\\\/adegadaquintadventures.com\\\/adega-da-quinta-adventures-recebeu-casados-a-primeira-vista\\\/#primaryimage\"},\"thumbnailUrl\":\"https:\\\/\\\/adegadaquintadventures.com\\\/wp-content\\\/uploads\\\/2026\\\/04\\\/Captura-de-ecra-2026-04-28-120339.jpg\",\"keywords\":[\"a\u00e7ores\",\"adventure\",\"anima\u00e7\u00e3o\",\"apoio\",\"aventura\",\"azores\",\"buggy\",\"Casados \u00e0 Primeira Vista\",\"casamento\",\"especial\",\"inesquec\u00edvel\",\"instagram\",\"madalena\",\"marriage\",\"natureza\",\"novidades\",\"Pico\",\"programa televisivo\",\"sic\",\"special\",\"televis\u00e3o\",\"tour\"],\"articleSection\":[\"Events\"],\"inLanguage\":\"en-US\",\"potentialAction\":[{\"@type\":\"CommentAction\",\"name\":\"Comment\",\"target\":[\"https:\\\/\\\/adegadaquintadventures.com\\\/adega-da-quinta-adventures-recebeu-casados-a-primeira-vista\\\/#respond\"]}]},{\"@type\":\"WebPage\",\"@id\":\"https:\\\/\\\/adegadaquintadventures.com\\\/adega-da-quinta-adventures-recebeu-casados-a-primeira-vista\\\/\",\"url\":\"https:\\\/\\\/adegadaquintadventures.com\\\/adega-da-quinta-adventures-recebeu-casados-a-primeira-vista\\\/\",\"name\":\"Adega da Quinta Adventures recebeu Casados \u00e0 Primeira Vista - Adega da Quinta - Adventures\",\"isPartOf\":{\"@id\":\"https:\\\/\\\/adegadaquintadventures.com\\\/#website\"},\"primaryImageOfPage\":{\"@id\":\"https:\\\/\\\/adegadaquintadventures.com\\\/adega-da-quinta-adventures-recebeu-casados-a-primeira-vista\\\/#primaryimage\"},\"image\":{\"@id\":\"https:\\\/\\\/adegadaquintadventures.com\\\/adega-da-quinta-adventures-recebeu-casados-a-primeira-vista\\\/#primaryimage\"},\"thumbnailUrl\":\"https:\\\/\\\/adegadaquintadventures.com\\\/wp-content\\\/uploads\\\/2026\\\/04\\\/Captura-de-ecra-2026-04-28-120339.jpg\",\"datePublished\":\"2026-04-30T10:14:36+00:00\",\"dateModified\":\"2026-04-30T10:14:39+00:00\",\"breadcrumb\":{\"@id\":\"https:\\\/\\\/adegadaquintadventures.com\\\/adega-da-quinta-adventures-recebeu-casados-a-primeira-vista\\\/#breadcrumb\"},\"inLanguage\":\"en-US\",\"potentialAction\":[{\"@type\":\"ReadAction\",\"target\":[\"https:\\\/\\\/adegadaquintadventures.com\\\/adega-da-quinta-adventures-recebeu-casados-a-primeira-vista\\\/\"]}]},{\"@type\":\"ImageObject\",\"inLanguage\":\"en-US\",\"@id\":\"https:\\\/\\\/adegadaquintadventures.com\\\/adega-da-quinta-adventures-recebeu-casados-a-primeira-vista\\\/#primaryimage\",\"url\":\"https:\\\/\\\/adegadaquintadventures.com\\\/wp-content\\\/uploads\\\/2026\\\/04\\\/Captura-de-ecra-2026-04-28-120339.jpg\",\"contentUrl\":\"https:\\\/\\\/adegadaquintadventures.com\\\/wp-content\\\/uploads\\\/2026\\\/04\\\/Captura-de-ecra-2026-04-28-120339.jpg\",\"width\":572,\"height\":457},{\"@type\":\"BreadcrumbList\",\"@id\":\"https:\\\/\\\/adegadaquintadventures.com\\\/adega-da-quinta-adventures-recebeu-casados-a-primeira-vista\\\/#breadcrumb\",\"itemListElement\":[{\"@type\":\"ListItem\",\"position\":1,\"name\":\"In\u00edcio\",\"item\":\"https:\\\/\\\/adegadaquintadventures.com\\\/\"},{\"@type\":\"ListItem\",\"position\":2,\"name\":\"Adega da Quinta Adventures recebeu Casados \u00e0 Primeira Vista\"}]},{\"@type\":\"WebSite\",\"@id\":\"https:\\\/\\\/adegadaquintadventures.com\\\/#website\",\"url\":\"https:\\\/\\\/adegadaquintadventures.com\\\/\",\"name\":\"Adega da Quinta - Adventures\",\"description\":\"Pico Island - Azores\",\"publisher\":{\"@id\":\"https:\\\/\\\/adegadaquintadventures.com\\\/#organization\"},\"potentialAction\":[{\"@type\":\"SearchAction\",\"target\":{\"@type\":\"EntryPoint\",\"urlTemplate\":\"https:\\\/\\\/adegadaquintadventures.com\\\/?s={search_term_string}\"},\"query-input\":{\"@type\":\"PropertyValueSpecification\",\"valueRequired\":true,\"valueName\":\"search_term_string\"}}],\"inLanguage\":\"en-US\"},{\"@type\":\"Organization\",\"@id\":\"https:\\\/\\\/adegadaquintadventures.com\\\/#organization\",\"name\":\"Adega da Quinta - Adventures\",\"url\":\"https:\\\/\\\/adegadaquintadventures.com\\\/\",\"logo\":{\"@type\":\"ImageObject\",\"inLanguage\":\"en-US\",\"@id\":\"https:\\\/\\\/adegadaquintadventures.com\\\/#\\\/schema\\\/logo\\\/image\\\/\",\"url\":\"https:\\\/\\\/adegadaquintadventures.com\\\/wp-content\\\/uploads\\\/2025\\\/01\\\/logo-rodape.png\",\"contentUrl\":\"https:\\\/\\\/adegadaquintadventures.com\\\/wp-content\\\/uploads\\\/2025\\\/01\\\/logo-rodape.png\",\"width\":300,\"height\":49,\"caption\":\"Adega da Quinta - Adventures\"},\"image\":{\"@id\":\"https:\\\/\\\/adegadaquintadventures.com\\\/#\\\/schema\\\/logo\\\/image\\\/\"}},{\"@type\":\"Person\",\"@id\":\"https:\\\/\\\/adegadaquintadventures.com\\\/#\\\/schema\\\/person\\\/df84005e1c88c3d37b40cb2f8b57e748\",\"name\":\"Gl\u00f3ria Alves\",\"image\":{\"@type\":\"ImageObject\",\"inLanguage\":\"en-US\",\"@id\":\"https:\\\/\\\/secure.gravatar.com\\\/avatar\\\/27b2fd3d23923d6538352a9340808e8997efc33d1d3ce5a0e10aa92f70a19048?s=96&d=mm&r=g\",\"url\":\"https:\\\/\\\/secure.gravatar.com\\\/avatar\\\/27b2fd3d23923d6538352a9340808e8997efc33d1d3ce5a0e10aa92f70a19048?s=96&d=mm&r=g\",\"contentUrl\":\"https:\\\/\\\/secure.gravatar.com\\\/avatar\\\/27b2fd3d23923d6538352a9340808e8997efc33d1d3ce5a0e10aa92f70a19048?s=96&d=mm&r=g\",\"caption\":\"Gl\u00f3ria Alves\"},\"url\":\"https:\\\/\\\/adegadaquintadventures.com\\\/en\\\/author\\\/gloriaalves\\\/\"}]}<\/script>\n<!-- \/ Yoast SEO plugin. -->","yoast_head_json":{"title":"Adega da Quinta Adventures recebeu Casados \u00e0 Primeira Vista - Adega da Quinta - Adventures","robots":{"index":"index","follow":"follow","max-snippet":"max-snippet:-1","max-image-preview":"max-image-preview:large","max-video-preview":"max-video-preview:-1"},"canonical":"https:\/\/adegadaquintadventures.com\/en\/adega-da-quinta-adventures-recebeu-casados-a-primeira-vista\/","og_locale":"en_US","og_type":"article","og_title":"Adega da Quinta Adventures recebeu Casados \u00e0 Primeira Vista - Adega da Quinta - Adventures","og_description":"O programa televisivo de sucesso da SIC, &#8220;Casados \u00e0 Primeira Vista&#8221; visitou a Adega da Quinta Adventures para a realiza\u00e7\u00e3o de um passeio de buggy. Esta [\u2026]","og_url":"https:\/\/adegadaquintadventures.com\/en\/adega-da-quinta-adventures-recebeu-casados-a-primeira-vista\/","og_site_name":"Adega da Quinta - Adventures","article_published_time":"2026-04-30T10:14:36+00:00","article_modified_time":"2026-04-30T10:14:39+00:00","og_image":[{"width":572,"height":457,"url":"https:\/\/adegadaquintadventures.com\/wp-content\/uploads\/2026\/04\/Captura-de-ecra-2026-04-28-120339.jpg","type":"image\/jpeg"}],"author":"Gl\u00f3ria Alves","twitter_card":"summary_large_image","twitter_misc":{"Written by":"Gl\u00f3ria Alves","Est. reading time":"2 minutes"},"schema":{"@context":"https:\/\/schema.org","@graph":[{"@type":"Article","@id":"https:\/\/adegadaquintadventures.com\/adega-da-quinta-adventures-recebeu-casados-a-primeira-vista\/#article","isPartOf":{"@id":"https:\/\/adegadaquintadventures.com\/adega-da-quinta-adventures-recebeu-casados-a-primeira-vista\/"},"author":{"name":"Gl\u00f3ria Alves","@id":"https:\/\/adegadaquintadventures.com\/#\/schema\/person\/df84005e1c88c3d37b40cb2f8b57e748"},"headline":"Adega da Quinta Adventures recebeu Casados \u00e0 Primeira Vista","datePublished":"2026-04-30T10:14:36+00:00","dateModified":"2026-04-30T10:14:39+00:00","mainEntityOfPage":{"@id":"https:\/\/adegadaquintadventures.com\/adega-da-quinta-adventures-recebeu-casados-a-primeira-vista\/"},"wordCount":179,"commentCount":0,"publisher":{"@id":"https:\/\/adegadaquintadventures.com\/#organization"},"image":{"@id":"https:\/\/adegadaquintadventures.com\/adega-da-quinta-adventures-recebeu-casados-a-primeira-vista\/#primaryimage"},"thumbnailUrl":"https:\/\/adegadaquintadventures.com\/wp-content\/uploads\/2026\/04\/Captura-de-ecra-2026-04-28-120339.jpg","keywords":["a\u00e7ores","adventure","anima\u00e7\u00e3o","apoio","aventura","azores","buggy","Casados \u00e0 Primeira Vista","casamento","especial","inesquec\u00edvel","instagram","madalena","marriage","natureza","novidades","Pico","programa televisivo","sic","special","televis\u00e3o","tour"],"articleSection":["Events"],"inLanguage":"en-US","potentialAction":[{"@type":"CommentAction","name":"Comment","target":["https:\/\/adegadaquintadventures.com\/adega-da-quinta-adventures-recebeu-casados-a-primeira-vista\/#respond"]}]},{"@type":"WebPage","@id":"https:\/\/adegadaquintadventures.com\/adega-da-quinta-adventures-recebeu-casados-a-primeira-vista\/","url":"https:\/\/adegadaquintadventures.com\/adega-da-quinta-adventures-recebeu-casados-a-primeira-vista\/","name":"Adega da Quinta Adventures recebeu Casados \u00e0 Primeira Vista - Adega da Quinta - Adventures","isPartOf":{"@id":"https:\/\/adegadaquintadventures.com\/#website"},"primaryImageOfPage":{"@id":"https:\/\/adegadaquintadventures.com\/adega-da-quinta-adventures-recebeu-casados-a-primeira-vista\/#primaryimage"},"image":{"@id":"https:\/\/adegadaquintadventures.com\/adega-da-quinta-adventures-recebeu-casados-a-primeira-vista\/#primaryimage"},"thumbnailUrl":"https:\/\/adegadaquintadventures.com\/wp-content\/uploads\/2026\/04\/Captura-de-ecra-2026-04-28-120339.jpg","datePublished":"2026-04-30T10:14:36+00:00","dateModified":"2026-04-30T10:14:39+00:00","breadcrumb":{"@id":"https:\/\/adegadaquintadventures.com\/adega-da-quinta-adventures-recebeu-casados-a-primeira-vista\/#breadcrumb"},"inLanguage":"en-US","potentialAction":[{"@type":"ReadAction","target":["https:\/\/adegadaquintadventures.com\/adega-da-quinta-adventures-recebeu-casados-a-primeira-vista\/"]}]},{"@type":"ImageObject","inLanguage":"en-US","@id":"https:\/\/adegadaquintadventures.com\/adega-da-quinta-adventures-recebeu-casados-a-primeira-vista\/#primaryimage","url":"https:\/\/adegadaquintadventures.com\/wp-content\/uploads\/2026\/04\/Captura-de-ecra-2026-04-28-120339.jpg","contentUrl":"https:\/\/adegadaquintadventures.com\/wp-content\/uploads\/2026\/04\/Captura-de-ecra-2026-04-28-120339.jpg","width":572,"height":457},{"@type":"BreadcrumbList","@id":"https:\/\/adegadaquintadventures.com\/adega-da-quinta-adventures-recebeu-casados-a-primeira-vista\/#breadcrumb","itemListElement":[{"@type":"ListItem","position":1,"name":"In\u00edcio","item":"https:\/\/adegadaquintadventures.com\/"},{"@type":"ListItem","position":2,"name":"Adega da Quinta Adventures recebeu Casados \u00e0 Primeira Vista"}]},{"@type":"WebSite","@id":"https:\/\/adegadaquintadventures.com\/#website","url":"https:\/\/adegadaquintadventures.com\/","name":"Quinta Winery - Adventures","description":"Pico Island - Azores","publisher":{"@id":"https:\/\/adegadaquintadventures.com\/#organization"},"potentialAction":[{"@type":"SearchAction","target":{"@type":"EntryPoint","urlTemplate":"https:\/\/adegadaquintadventures.com\/?s={search_term_string}"},"query-input":{"@type":"PropertyValueSpecification","valueRequired":true,"valueName":"search_term_string"}}],"inLanguage":"en-US"},{"@type":"Organization","@id":"https:\/\/adegadaquintadventures.com\/#organization","name":"Quinta Winery - Adventures","url":"https:\/\/adegadaquintadventures.com\/","logo":{"@type":"ImageObject","inLanguage":"en-US","@id":"https:\/\/adegadaquintadventures.com\/#\/schema\/logo\/image\/","url":"https:\/\/adegadaquintadventures.com\/wp-content\/uploads\/2025\/01\/logo-rodape.png","contentUrl":"https:\/\/adegadaquintadventures.com\/wp-content\/uploads\/2025\/01\/logo-rodape.png","width":300,"height":49,"caption":"Adega da Quinta - Adventures"},"image":{"@id":"https:\/\/adegadaquintadventures.com\/#\/schema\/logo\/image\/"}},{"@type":"Person","@id":"https:\/\/adegadaquintadventures.com\/#\/schema\/person\/df84005e1c88c3d37b40cb2f8b57e748","name":"Gloria Alves","image":{"@type":"ImageObject","inLanguage":"en-US","@id":"https:\/\/secure.gravatar.com\/avatar\/27b2fd3d23923d6538352a9340808e8997efc33d1d3ce5a0e10aa92f70a19048?s=96&d=mm&r=g","url":"https:\/\/secure.gravatar.com\/avatar\/27b2fd3d23923d6538352a9340808e8997efc33d1d3ce5a0e10aa92f70a19048?s=96&d=mm&r=g","contentUrl":"https:\/\/secure.gravatar.com\/avatar\/27b2fd3d23923d6538352a9340808e8997efc33d1d3ce5a0e10aa92f70a19048?s=96&d=mm&r=g","caption":"Gl\u00f3ria Alves"},"url":"https:\/\/adegadaquintadventures.com\/en\/author\/gloriaalves\/"}]}},"jetpack_featured_media_url":"https:\/\/adegadaquintadventures.com\/wp-content\/uploads\/2026\/04\/Captura-de-ecra-2026-04-28-120339.jpg","jetpack_sharing_enabled":true,"_links":{"self":[{"href":"https:\/\/adegadaquintadventures.com\/en\/wp-json\/wp\/v2\/posts\/3911","targetHints":{"allow":["GET"]}}],"collection":[{"href":"https:\/\/adegadaquintadventures.com\/en\/wp-json\/wp\/v2\/posts"}],"about":[{"href":"https:\/\/adegadaquintadventures.com\/en\/wp-json\/wp\/v2\/types\/post"}],"author":[{"embeddable":true,"href":"https:\/\/adegadaquintadventures.com\/en\/wp-json\/wp\/v2\/users\/42"}],"replies":[{"embeddable":true,"href":"https:\/\/adegadaquintadventures.com\/en\/wp-json\/wp\/v2\/comments?post=3911"}],"version-history":[{"count":5,"href":"https:\/\/adegadaquintadventures.com\/en\/wp-json\/wp\/v2\/posts\/3911\/revisions"}],"predecessor-version":[{"id":3921,"href":"https:\/\/adegadaquintadventures.com\/en\/wp-json\/wp\/v2\/posts\/3911\/revisions\/3921"}],"wp:featuredmedia":[{"embeddable":true,"href":"https:\/\/adegadaquintadventures.com\/en\/wp-json\/wp\/v2\/media\/3916"}],"wp:attachment":[{"href":"https:\/\/adegadaquintadventures.com\/en\/wp-json\/wp\/v2\/media?parent=3911"}],"wp:term":[{"taxonomy":"category","embeddable":true,"href":"https:\/\/adegadaquintadventures.com\/en\/wp-json\/wp\/v2\/categories?post=3911"},{"taxonomy":"post_tag","embeddable":true,"href":"https:\/\/adegadaquintadventures.com\/en\/wp-json\/wp\/v2\/tags?post=3911"}],"curies":[{"name":"wp","href":"https:\/\/api.w.org\/{rel}","templated":true}]}}